{"id":168,"date":"2009-02-16T13:52:53","date_gmt":"2009-02-16T12:52:53","guid":{"rendered":"https:\/\/sciclublabicoca.it\/blog\/?p=168"},"modified":"2010-10-28T07:30:42","modified_gmt":"2010-10-28T06:30:42","slug":"siamo-tornati-dalla-settimana-bianca-in-trentino","status":"publish","type":"post","link":"https:\/\/sciclublabicoca.it\/blog\/siamo-tornati-dalla-settimana-bianca-in-trentino\/","title":{"rendered":"SIAMO TORNATI dalla settimana bianca in Trentino"},"content":{"rendered":"<p>Con qualche difficolt\u00e0 logistica dovuta alla\u00a0 spettacolare quantit\u00e0 di neve sui percorsi e sui comprensori si sono concluse la settimana bianca e il weekend in Trentino.<\/p>\n<p>Nonostante tutto siamo riusciti a divertirci sia sulle piste che fuori. Un grazie particolare a tutto il gruppo dei ciaspolatori da parte di Roby e Anna Maria e permetteteci un altro grande ringraziamento con i nostri pi\u00f9 vivi complimenti al gruppo di giovani perfettamente integrato e\u00a0gogliardicamente pilotato dal grande e simpaticissimo Stefano. Nonostante l&#8217;impossibilit\u00e0 di effettuare la fiaccolata con gli sci la serata in quota ha riscontrato un notevole successo oltre che per gli ottimi piatti serviti magistralmente dal gruppo di Tiziana, anche\u00a0grazie sempre al notevole contributo di simpatia portato dal gruppo &#8220;giovani&#8221;. Durante la dimostrazione di\u00a0affetto e il cin cin ci avete fatti commuovere e questa vostra schiettezza \u00e8 stata il miglior ringraziamento e riconoscimento al nostro lavoro.<\/p>\n<p><!--more-->Lungo tutto il tempo della nostra vacanza non si \u00e8 mai riscontrato n\u00e8 un ritardo n\u00e8 un qualche segno di insofferenza da parte di alcuno e questo ci ha permesso di lavorare con spirito gioioso ricevendo alla fine i complimenti e la riconoscenza da parte di tutto il personale degli hotel e dei comprensori. Questo ringraziamento noi lo estendiamo a tutti voi che avete condiviso con noi questa vacanza.<\/p>\n<p>Ci auguriamo vivamente di riavervi con noi il prossimo anno perch\u00e8 questo non \u00e8 pi\u00f9 &#8220;un\u00a0tot di persone&#8221; ma \u00e8 una grande famiglia. CIAO<\/p>\n<p>Le foto dell&#8217;8 Febbraio<\/p>\n<p>[nggallery id=69]<\/p>\n<p>e del 9<\/p>\n<p>[nggallery id=70]<\/p>\n","protected":false},"excerpt":{"rendered":"<p>Con qualche difficolt\u00e0 logistica dovuta alla\u00a0 spettacolare quantit\u00e0 di neve sui percorsi e sui comprensori si sono concluse la settimana bianca e il weekend in Trentino. Nonostante tutto siamo riusciti a divertirci sia sulle piste che fuori. Un grazie particolare a tutto il gruppo dei&#8230;<\/p>\n","protected":false},"author":2,"featured_media":437,"comment_status":"open","ping_status":"open","sticky":false,"template":"","format":"standard","meta":{"footnotes":""},"categories":[1],"tags":[],"class_list":["post-168","post","type-post","status-publish","format-standard","has-post-thumbnail","hentry","category-news"],"_links":{"self":[{"href":"https:\/\/sciclublabicoca.it\/blog\/wp-json\/wp\/v2\/posts\/168","targetHints":{"allow":["GET"]}}],"collection":[{"href":"https:\/\/sciclublabicoca.it\/blog\/wp-json\/wp\/v2\/posts"}],"about":[{"href":"https:\/\/sciclublabicoca.it\/blog\/wp-json\/wp\/v2\/types\/post"}],"author":[{"embeddable":true,"href":"https:\/\/sciclublabicoca.it\/blog\/wp-json\/wp\/v2\/users\/2"}],"replies":[{"embeddable":true,"href":"https:\/\/sciclublabicoca.it\/blog\/wp-json\/wp\/v2\/comments?post=168"}],"version-history":[{"count":0,"href":"https:\/\/sciclublabicoca.it\/blog\/wp-json\/wp\/v2\/posts\/168\/revisions"}],"wp:featuredmedia":[{"embeddable":true,"href":"https:\/\/sciclublabicoca.it\/blog\/wp-json\/wp\/v2\/media\/437"}],"wp:attachment":[{"href":"https:\/\/sciclublabicoca.it\/blog\/wp-json\/wp\/v2\/media?parent=168"}],"wp:term":[{"taxonomy":"category","embeddable":true,"href":"https:\/\/sciclublabicoca.it\/blog\/wp-json\/wp\/v2\/categories?post=168"},{"taxonomy":"post_tag","embeddable":true,"href":"https:\/\/sciclublabicoca.it\/blog\/wp-json\/wp\/v2\/tags?post=168"}],"curies":[{"name":"wp","href":"https:\/\/api.w.org\/{rel}","templated":true}]}}