{"id":1678,"date":"2015-02-17T18:42:31","date_gmt":"2015-02-17T17:42:31","guid":{"rendered":"https:\/\/sciclublabicoca.it\/blog\/?p=1678"},"modified":"2018-12-07T17:25:34","modified_gmt":"2018-12-07T16:25:34","slug":"dolomiti-2015-settimana-bianca-e-weekend-08-15-febbraio","status":"publish","type":"post","link":"https:\/\/sciclublabicoca.it\/blog\/dolomiti-2015-settimana-bianca-e-weekend-08-15-febbraio\/","title":{"rendered":"DOLOMITI 2015 &#8211; Settimana Bianca e Weekend 08 \/ 15 febbraio"},"content":{"rendered":"<p>CENTONOVANTAQUATTRO soci sono venuti a godere una settimana di sole e neve sulle Dolomiti Trentine.<\/p>\n<p>Eravamo al limite della capienza&#8230;veramente lo abbiamo superato tant&#8217;\u00e8 che abbiamo dovuto recuperare altre camere al di fuori dei due Hotel convenzionali ma il limite \u00e8 stato nei trasporti giacch\u00e8 pi\u00f9 di tanto non era possibile inserire con bagagli e sci.<!--more--><\/p>\n<p>Inoltre a fine novembre si erano gi\u00e0 chiuse le iscrizioni&#8230;poi integrate a mano a mano che passavano i mesi con le riserve che sostituivano coloro a cui sorgevano problemi.<\/p>\n<p>Trovatemi un altro sci club che in proprio e senza altri aggregati riesce a fare di pi\u00f9 e soprattutto a farlo meglio&#8230; &#8220;queste sono le parole di molti nostri soci che da anni ci seguono e ci fanno conoscere con il loro entusiasmo&#8221;&#8230;. Un grazie a loro per la fiducia, la seriet\u00e0 dimostrata sempre, la pazienza, la serenit\u00e0, l&#8217;allegria e il saper fare aggregazione sempre e comunque.<\/p>\n<p>Un ringraziamento di cuore va agli addetti nei comprensori da noi visitati, dal personale degli uffici skipass, agli addetti agli impianti, ai parcheggiatori per arrivare ai gestori e a tutto il personale degli Hotel Conca Verde, Sass Maor e Villa Sole.<\/p>\n<p>Abbiamo gi\u00e0 concordato con loro per la stagione 2015 \/ 2016 per cui un arrivederci \u00e8 spontaneo e pieno di felicit\u00e0<\/p>\n<p>Allego i file degli album fotografici&#8230; ho scremato molto per poter ogni giorno darvi l&#8217;\u00ecdea di cosa abbiamo fatto, ma moltissime foto stanno girando su facebook grazie ai nostri soci. CLICCARE SUL TITOLO DELL&#8217;ALBUM PER VISIONARLO<\/p>\n<div id=\"fb-root\"><\/div>\n<p><script>(function(d, s, id) {  var js, fjs = d.getElementsByTagName(s)[0];  if (d.getElementById(id)) return;  js = d.createElement(s); js.id = id;  js.src = 'https:\/\/connect.facebook.net\/it_IT\/sdk.js#xfbml=1&version=v3.2';  fjs.parentNode.insertBefore(js, fjs);}(document, 'script', 'facebook-jssdk'));<\/script><\/p>\n<div class=\"fb-post\" data-href=\"https:\/\/www.facebook.com\/media\/set\/?set=a.856694571063611.1073741896.111321765600899\" data-width=\"750\">\n<blockquote cite=\"https:\/\/www.facebook.com\/media\/set\/?set=a.856694571063611&amp;type=3\" class=\"fb-xfbml-parse-ignore\">\n<p>per chiudere in bellezza questa settimana bianca in dolomiti del febbraio 2015&#8230; minuto per minuto, documentato un tramonto da favola dalla durata brevissima ma di una intensit\u00e0 eccezzzzzionale&#8230;<\/p>\n<p>Pubblicato da <a href=\"https:\/\/www.facebook.com\/Sci-Club-La-Bicoca-111321765600899\/\">Sci Club La Bicoca<\/a> su&nbsp;<a href=\"https:\/\/www.facebook.com\/media\/set\/?set=a.856694571063611&amp;type=3\">Luned\u00ec 16 febbraio 2015<\/a><\/p><\/blockquote>\n<\/div>\n<div id=\"fb-root\"><\/div>\n<p><script>(function(d, s, id) {  var js, fjs = d.getElementsByTagName(s)[0];  if (d.getElementById(id)) return;  js = d.createElement(s); js.id = id;  js.src = 'https:\/\/connect.facebook.net\/it_IT\/sdk.js#xfbml=1&version=v3.2';  fjs.parentNode.insertBefore(js, fjs);}(document, 'script', 'facebook-jssdk'));<\/script><\/p>\n<div class=\"fb-post\" data-href=\"https:\/\/www.facebook.com\/media\/set\/?set=a.856662717733463.1073741890.111321765600899\" data-width=\"750\">\n<blockquote cite=\"https:\/\/www.facebook.com\/media\/set\/?set=a.856662717733463&amp;type=3\" class=\"fb-xfbml-parse-ignore\">\n<p>un po&#039; di vento in quota freddo a valle, pi\u00f9 per l&#039;aria fresca che per la temperatura che si manteneva sul meno uno<\/p>\n<p>Pubblicato da <a href=\"https:\/\/www.facebook.com\/Sci-Club-La-Bicoca-111321765600899\/\">Sci Club La Bicoca<\/a> su&nbsp;<a href=\"https:\/\/www.facebook.com\/media\/set\/?set=a.856662717733463&amp;type=3\">Luned\u00ec 16 febbraio 2015<\/a><\/p><\/blockquote>\n<\/div>\n<div id=\"fb-root\"><\/div>\n<p><script>(function(d, s, id) {  var js, fjs = d.getElementsByTagName(s)[0];  if (d.getElementById(id)) return;  js = d.createElement(s); js.id = id;  js.src = 'https:\/\/connect.facebook.net\/it_IT\/sdk.js#xfbml=1&version=v3.2';  fjs.parentNode.insertBefore(js, fjs);}(document, 'script', 'facebook-jssdk'));<\/script><\/p>\n<div class=\"fb-post\" data-href=\"https:\/\/www.facebook.com\/media\/set\/?set=a.856665574399844.1073741891.111321765600899\" data-width=\"750\">\n<blockquote cite=\"https:\/\/www.facebook.com\/media\/set\/?set=a.856665574399844&amp;type=3\" class=\"fb-xfbml-parse-ignore\">\n<p>Pampeago \/ Obereggen&#8230;giornata stupenda e neve superlativa&#8230;grande giornata e gran divertimento per tutti&#8230;finale con&#8230;<\/p>\n<p>Pubblicato da <a href=\"https:\/\/www.facebook.com\/Sci-Club-La-Bicoca-111321765600899\/\">Sci Club La Bicoca<\/a> su&nbsp;<a href=\"https:\/\/www.facebook.com\/media\/set\/?set=a.856665574399844&amp;type=3\">Luned\u00ec 16 febbraio 2015<\/a><\/p><\/blockquote>\n<\/div>\n<div id=\"fb-root\"><\/div>\n<p><script>(function(d, s, id) {  var js, fjs = d.getElementsByTagName(s)[0];  if (d.getElementById(id)) return;  js = d.createElement(s); js.id = id;  js.src = 'https:\/\/connect.facebook.net\/it_IT\/sdk.js#xfbml=1&version=v3.2';  fjs.parentNode.insertBefore(js, fjs);}(document, 'script', 'facebook-jssdk'));<\/script><\/p>\n<div class=\"fb-post\" data-href=\"https:\/\/www.facebook.com\/media\/set\/?set=a.856669827732752.1073741892.111321765600899\" data-width=\"750\">\n<blockquote cite=\"https:\/\/www.facebook.com\/media\/set\/?set=a.856669827732752&amp;type=3\" class=\"fb-xfbml-parse-ignore\">\n<p>San Martino di Castrozza &#8211; impianti Tognola e Malga Ces. Le giornate super continuano ad allietare i nostri 144&#8230;<\/p>\n<p>Pubblicato da <a href=\"https:\/\/www.facebook.com\/Sci-Club-La-Bicoca-111321765600899\/\">Sci Club La Bicoca<\/a> su&nbsp;<a href=\"https:\/\/www.facebook.com\/media\/set\/?set=a.856669827732752&amp;type=3\">Luned\u00ec 16 febbraio 2015<\/a><\/p><\/blockquote>\n<\/div>\n<div id=\"fb-root\"><\/div>\n<p><script>(function(d, s, id) {  var js, fjs = d.getElementsByTagName(s)[0];  if (d.getElementById(id)) return;  js = d.createElement(s); js.id = id;  js.src = 'https:\/\/connect.facebook.net\/it_IT\/sdk.js#xfbml=1&version=v3.2';  fjs.parentNode.insertBefore(js, fjs);}(document, 'script', 'facebook-jssdk'));<\/script><\/p>\n<div class=\"fb-post\" data-href=\"https:\/\/www.facebook.com\/media\/set\/?set=a.856672747732460.1073741893.111321765600899\" data-width=\"750\">\n<blockquote cite=\"https:\/\/www.facebook.com\/media\/set\/?set=a.856672747732460&amp;type=3\" class=\"fb-xfbml-parse-ignore\">\n<p>non so come definirla questa giornata sulle piste del Civetta&#8230;dire super con l&#039;aggiunta di tre pi\u00f9 +++ mi sembra&#8230;<\/p>\n<p>Pubblicato da <a href=\"https:\/\/www.facebook.com\/Sci-Club-La-Bicoca-111321765600899\/\">Sci Club La Bicoca<\/a> su&nbsp;<a href=\"https:\/\/www.facebook.com\/media\/set\/?set=a.856672747732460&amp;type=3\">Luned\u00ec 16 febbraio 2015<\/a><\/p><\/blockquote>\n<\/div>\n<div id=\"fb-root\"><\/div>\n<p><script>(function(d, s, id) {  var js, fjs = d.getElementsByTagName(s)[0];  if (d.getElementById(id)) return;  js = d.createElement(s); js.id = id;  js.src = 'https:\/\/connect.facebook.net\/it_IT\/sdk.js#xfbml=1&version=v3.2';  fjs.parentNode.insertBefore(js, fjs);}(document, 'script', 'facebook-jssdk'));<\/script><\/p>\n<div class=\"fb-post\" data-href=\"https:\/\/www.facebook.com\/media\/set\/?set=a.856674231065645.1073741894.111321765600899\" data-width=\"750\">\n<blockquote cite=\"https:\/\/www.facebook.com\/media\/set\/?set=a.856674231065645&amp;type=3\" class=\"fb-xfbml-parse-ignore\">\n<p>fregati dalle previsioni che davano brutto anzi, molto brutto sul versante di Pamapeago\/Obereggen abbiamo deciso di&#8230;<\/p>\n<p>Pubblicato da <a href=\"https:\/\/www.facebook.com\/Sci-Club-La-Bicoca-111321765600899\/\">Sci Club La Bicoca<\/a> su&nbsp;<a href=\"https:\/\/www.facebook.com\/media\/set\/?set=a.856674231065645&amp;type=3\">Luned\u00ec 16 febbraio 2015<\/a><\/p><\/blockquote>\n<\/div>\n<div id=\"fb-root\"><\/div>\n<p><script>(function(d, s, id) {  var js, fjs = d.getElementsByTagName(s)[0];  if (d.getElementById(id)) return;  js = d.createElement(s); js.id = id;  js.src = 'https:\/\/connect.facebook.net\/it_IT\/sdk.js#xfbml=1&version=v3.2';  fjs.parentNode.insertBefore(js, fjs);}(document, 'script', 'facebook-jssdk'));<\/script><\/p>\n<div class=\"fb-post\" data-href=\"https:\/\/www.facebook.com\/media\/set\/?set=a.856677411065327.1073741895.111321765600899\" data-width=\"750\">\n<blockquote cite=\"https:\/\/www.facebook.com\/media\/set\/?set=a.856677411065327&amp;type=3\" class=\"fb-xfbml-parse-ignore\">\n<p>giornata incerta grazie alle previsioni meteo&#8230;seguo l&#039;esperienza e l&#039;istinto e decido per il comprensorio del Civetta&#8230;.<\/p>\n<p>Pubblicato da <a href=\"https:\/\/www.facebook.com\/Sci-Club-La-Bicoca-111321765600899\/\">Sci Club La Bicoca<\/a> su&nbsp;<a href=\"https:\/\/www.facebook.com\/media\/set\/?set=a.856677411065327&amp;type=3\">Luned\u00ec 16 febbraio 2015<\/a><\/p><\/blockquote>\n<\/div>\n<p>&nbsp;<\/p>\n","protected":false},"excerpt":{"rendered":"<p>CENTONOVANTAQUATTRO soci sono venuti a godere una settimana di sole e neve sulle Dolomiti Trentine. Eravamo al limite della capienza&#8230;veramente lo abbiamo superato tant&#8217;\u00e8 che abbiamo dovuto recuperare altre camere al di fuori dei due Hotel convenzionali ma il limite \u00e8 stato nei trasporti giacch\u00e8&#8230;<\/p>\n","protected":false},"author":2,"featured_media":1307,"comment_status":"open","ping_status":"open","sticky":false,"template":"","format":"standard","meta":{"footnotes":""},"categories":[1],"tags":[],"class_list":["post-1678","post","type-post","status-publish","format-standard","has-post-thumbnail","hentry","category-news"],"_links":{"self":[{"href":"https:\/\/sciclublabicoca.it\/blog\/wp-json\/wp\/v2\/posts\/1678","targetHints":{"allow":["GET"]}}],"collection":[{"href":"https:\/\/sciclublabicoca.it\/blog\/wp-json\/wp\/v2\/posts"}],"about":[{"href":"https:\/\/sciclublabicoca.it\/blog\/wp-json\/wp\/v2\/types\/post"}],"author":[{"embeddable":true,"href":"https:\/\/sciclublabicoca.it\/blog\/wp-json\/wp\/v2\/users\/2"}],"replies":[{"embeddable":true,"href":"https:\/\/sciclublabicoca.it\/blog\/wp-json\/wp\/v2\/comments?post=1678"}],"version-history":[{"count":1,"href":"https:\/\/sciclublabicoca.it\/blog\/wp-json\/wp\/v2\/posts\/1678\/revisions"}],"predecessor-version":[{"id":2243,"href":"https:\/\/sciclublabicoca.it\/blog\/wp-json\/wp\/v2\/posts\/1678\/revisions\/2243"}],"wp:featuredmedia":[{"embeddable":true,"href":"https:\/\/sciclublabicoca.it\/blog\/wp-json\/wp\/v2\/media\/1307"}],"wp:attachment":[{"href":"https:\/\/sciclublabicoca.it\/blog\/wp-json\/wp\/v2\/media?parent=1678"}],"wp:term":[{"taxonomy":"category","embeddable":true,"href":"https:\/\/sciclublabicoca.it\/blog\/wp-json\/wp\/v2\/categories?post=1678"},{"taxonomy":"post_tag","embeddable":true,"href":"https:\/\/sciclublabicoca.it\/blog\/wp-json\/wp\/v2\/tags?post=1678"}],"curies":[{"name":"wp","href":"https:\/\/api.w.org\/{rel}","templated":true}]}}