{"id":1672,"date":"2015-01-26T14:39:17","date_gmt":"2015-01-26T13:39:17","guid":{"rendered":"https:\/\/sciclublabicoca.it\/blog\/?p=1672"},"modified":"2018-12-07T17:25:34","modified_gmt":"2018-12-07T16:25:34","slug":"saint-francois-longchamp-25-gennaio-2015","status":"publish","type":"post","link":"https:\/\/sciclublabicoca.it\/blog\/saint-francois-longchamp-25-gennaio-2015\/","title":{"rendered":"Saint Francois Longchamp &#8211; 25 gennaio 2015"},"content":{"rendered":"<p>Uscita dal tunnel del Frejus sotto una leggera nevicata&#8230;strade imbiancate cos\u00ec come il paesaggio&#8230;leggera preoccupazione per il tempo. Giunti a St Michel i cuori si sono rasserenati come il cielo verso la nostra meta.<\/p>\n<p>Nubi in passaggio costante sulle cime ma sotto la visibilit\u00e0 era ottima dal lato di SFL&#8230;molto meno dalla val Morel anche se nella tarda mattinata pure\u00a0da quella parte si \u00e8 visto il cielo. Temperatura sui &#8211; 9 \/- 10 in cima ma quello che pi\u00f9 disturbava era quell&#8217;aria sottile (non era vento) che penetrava ovunque dando la sensazione di un freddo pi\u00f9 intenso. In linea di massima una buona giornata&#8230;lo sci \u00e8 fatto anche di queste cose..<\/p>\n<p>Un plauso ai gruppi dei corsi di sci, dai pi\u00f9 piccolini che in tre lezioni hanno gi\u00e0 raggiunto un grado di abilit\u00e0 atto a portarli a riunire gli sci dopo le curve. Nel secondo gruppo un\u00a0giovane\u00a0Emanuele con grande impegno e capacit\u00e0 ha fatto altrettanto bene e alla prossima giornata salir\u00e0 nel gruppo dei migliori per andare a scodinzolare sulle piste nere&#8230;. e parlando del gruppo dei migliori, sottolineando la bravura e il grande impegno di tutti e del grande miglioramento di Riccardo dopo il cambio di sci, occorre fare i complimenti ai due ragazzi (inseparabili amici nonch\u00e8 simpaticissimi e serissimi) Paolo e Gabriele o se preferite Gabriele e Paolo che in tre giornate di scuola hanno fatto un balzo di due classi diventando l&#8217;orgoglio dello sci club e\u00a0dandomi\u00a0una grande gioia personale. Grazie a tutti voi ragazzi e non,&#8230; un grazie particolare va al Robert maestro che in questi dieci anni con noi ha saputo forgiare a tutti i livelli dei bravi sciatori ma soprattutto ha creato in questi giovani un&#8217;armonia di gruppo veramente fantastica.<\/p>\n<p>Anche per questo siamo sempre pi\u00f9 invogliati a proseguire nel nostro impegno&#8230; \u00a0 \u00a0ciaooooooo, alla prossima, Roby<\/p>\n<div id=\"fb-root\"><\/div>\n<p><script>(function(d, s, id) {  var js, fjs = d.getElementsByTagName(s)[0];  if (d.getElementById(id)) return;  js = d.createElement(s); js.id = id;  js.src = 'https:\/\/connect.facebook.net\/it_IT\/sdk.js#xfbml=1&version=v3.2';  fjs.parentNode.insertBefore(js, fjs);}(document, 'script', 'facebook-jssdk'));<\/script><\/p>\n<div class=\"fb-post\" data-href=\"https:\/\/www.facebook.com\/media\/set\/?set=a.846189628780772.1073741884.111321765600899\" data-width=\"750\">\n<blockquote cite=\"https:\/\/www.facebook.com\/media\/set\/?set=a.846189628780772&amp;type=3\" class=\"fb-xfbml-parse-ignore\">\n<p>freddo&#8230;freddo&#8230;tanto freddo&#8230; causa un&#039;aria invadente che penatrava da tutte le parti. Per il resto una buona&#8230;<\/p>\n<p>Pubblicato da <a href=\"https:\/\/www.facebook.com\/Sci-Club-La-Bicoca-111321765600899\/\">Sci Club La Bicoca<\/a> su&nbsp;<a href=\"https:\/\/www.facebook.com\/media\/set\/?set=a.846189628780772&amp;type=3\">Domenica 25 gennaio 2015<\/a><\/p><\/blockquote>\n<\/div>\n","protected":false},"excerpt":{"rendered":"<p>Uscita dal tunnel del Frejus sotto una leggera nevicata&#8230;strade imbiancate cos\u00ec come il paesaggio&#8230;leggera preoccupazione per il tempo. Giunti a St Michel i cuori si sono rasserenati come il cielo verso la nostra meta. Nubi in passaggio costante sulle cime ma sotto la visibilit\u00e0 era&#8230;<\/p>\n","protected":false},"author":2,"featured_media":1202,"comment_status":"open","ping_status":"open","sticky":false,"template":"","format":"standard","meta":{"footnotes":""},"categories":[1],"tags":[],"class_list":["post-1672","post","type-post","status-publish","format-standard","has-post-thumbnail","hentry","category-news"],"_links":{"self":[{"href":"https:\/\/sciclublabicoca.it\/blog\/wp-json\/wp\/v2\/posts\/1672","targetHints":{"allow":["GET"]}}],"collection":[{"href":"https:\/\/sciclublabicoca.it\/blog\/wp-json\/wp\/v2\/posts"}],"about":[{"href":"https:\/\/sciclublabicoca.it\/blog\/wp-json\/wp\/v2\/types\/post"}],"author":[{"embeddable":true,"href":"https:\/\/sciclublabicoca.it\/blog\/wp-json\/wp\/v2\/users\/2"}],"replies":[{"embeddable":true,"href":"https:\/\/sciclublabicoca.it\/blog\/wp-json\/wp\/v2\/comments?post=1672"}],"version-history":[{"count":1,"href":"https:\/\/sciclublabicoca.it\/blog\/wp-json\/wp\/v2\/posts\/1672\/revisions"}],"predecessor-version":[{"id":2244,"href":"https:\/\/sciclublabicoca.it\/blog\/wp-json\/wp\/v2\/posts\/1672\/revisions\/2244"}],"wp:featuredmedia":[{"embeddable":true,"href":"https:\/\/sciclublabicoca.it\/blog\/wp-json\/wp\/v2\/media\/1202"}],"wp:attachment":[{"href":"https:\/\/sciclublabicoca.it\/blog\/wp-json\/wp\/v2\/media?parent=1672"}],"wp:term":[{"taxonomy":"category","embeddable":true,"href":"https:\/\/sciclublabicoca.it\/blog\/wp-json\/wp\/v2\/categories?post=1672"},{"taxonomy":"post_tag","embeddable":true,"href":"https:\/\/sciclublabicoca.it\/blog\/wp-json\/wp\/v2\/tags?post=1672"}],"curies":[{"name":"wp","href":"https:\/\/api.w.org\/{rel}","templated":true}]}}