{"id":1350,"date":"2013-02-03T23:03:58","date_gmt":"2013-02-03T22:03:58","guid":{"rendered":"https:\/\/sciclublabicoca.it\/blog\/?p=1350"},"modified":"2013-02-03T23:03:58","modified_gmt":"2013-02-03T22:03:58","slug":"saint-francois-longchamp-3-febbraio-2013","status":"publish","type":"post","link":"https:\/\/sciclublabicoca.it\/blog\/saint-francois-longchamp-3-febbraio-2013\/","title":{"rendered":"SAINT FRANCOIS LONGCHAMP &#8211; 3 febbraio 2013"},"content":{"rendered":"<p>Mattinata freddissima&#8230;aria fredda che penetrava da tutte le parti. Una marea di sciatori europei convogliati su Saint Francois per le settimane bianche di febbraio e dato il freddo e alcune nuvole impressionanti sul colle della Madleine, sono rimasti tutti ammucchiati sugli impianti di base. Chi, con spirito avventuriero ha osato calarsi verso Val Morel, non solo ha trovato molto meno freddo ma anche una buona visibilit\u00e0. Dalla tarda mattinata il sole caldo ha riscaldato le ossa dei temerari permettendo a tutti grande sciate sulla tanta bella neve caduta in nottata. Piste ben battuta fin dal mattino hanno concesso divertimento per tutti.<!--more--><\/p>\n<div id=\"fb-root\"><\/div>\n<p><script>(function(d, s, id) {  var js, fjs = d.getElementsByTagName(s)[0];  if (d.getElementById(id)) return;  js = d.createElement(s); js.id = id;  js.src = 'https:\/\/connect.facebook.net\/it_IT\/sdk.js#xfbml=1&version=v3.2';  fjs.parentNode.insertBefore(js, fjs);}(document, 'script', 'facebook-jssdk'));<\/script><\/p>\n<div class=\"fb-post\" data-href=\"https:\/\/www.facebook.com\/media\/set\/?set=a.461348117264927.101288.111321765600899\" data-width=\"750\">\n<blockquote cite=\"https:\/\/www.facebook.com\/media\/set\/?set=a.461348117264927&amp;type=3\" class=\"fb-xfbml-parse-ignore\">\n<p>tant freid ma tanta fioca e bin tir\u00e0&#8230;nautra giurn\u00e0 dle pji bele..(traduzione) tanto freddo ma tanta neve e ben battuta&#8230;un&#039;altra giornata tra le pi\u00f9 belle..<\/p>\n<p>Pubblicato da <a href=\"https:\/\/www.facebook.com\/Sci-Club-La-Bicoca-111321765600899\/\">Sci Club La Bicoca<\/a> su&nbsp;<a href=\"https:\/\/www.facebook.com\/media\/set\/?set=a.461348117264927&amp;type=3\">Domenica 3 febbraio 2013<\/a><\/p><\/blockquote>\n<\/div>\n","protected":false},"excerpt":{"rendered":"<p>Mattinata freddissima&#8230;aria fredda che penetrava da tutte le parti. Una marea di sciatori europei convogliati su Saint Francois per le settimane bianche di febbraio e dato il freddo e alcune nuvole impressionanti sul colle della Madleine, sono rimasti tutti ammucchiati sugli impianti di base. Chi,&#8230;<\/p>\n","protected":false},"author":2,"featured_media":1351,"comment_status":"open","ping_status":"open","sticky":false,"template":"","format":"standard","meta":{"footnotes":""},"categories":[1],"tags":[],"class_list":["post-1350","post","type-post","status-publish","format-standard","has-post-thumbnail","hentry","category-news"],"_links":{"self":[{"href":"https:\/\/sciclublabicoca.it\/blog\/wp-json\/wp\/v2\/posts\/1350","targetHints":{"allow":["GET"]}}],"collection":[{"href":"https:\/\/sciclublabicoca.it\/blog\/wp-json\/wp\/v2\/posts"}],"about":[{"href":"https:\/\/sciclublabicoca.it\/blog\/wp-json\/wp\/v2\/types\/post"}],"author":[{"embeddable":true,"href":"https:\/\/sciclublabicoca.it\/blog\/wp-json\/wp\/v2\/users\/2"}],"replies":[{"embeddable":true,"href":"https:\/\/sciclublabicoca.it\/blog\/wp-json\/wp\/v2\/comments?post=1350"}],"version-history":[{"count":0,"href":"https:\/\/sciclublabicoca.it\/blog\/wp-json\/wp\/v2\/posts\/1350\/revisions"}],"wp:featuredmedia":[{"embeddable":true,"href":"https:\/\/sciclublabicoca.it\/blog\/wp-json\/wp\/v2\/media\/1351"}],"wp:attachment":[{"href":"https:\/\/sciclublabicoca.it\/blog\/wp-json\/wp\/v2\/media?parent=1350"}],"wp:term":[{"taxonomy":"category","embeddable":true,"href":"https:\/\/sciclublabicoca.it\/blog\/wp-json\/wp\/v2\/categories?post=1350"},{"taxonomy":"post_tag","embeddable":true,"href":"https:\/\/sciclublabicoca.it\/blog\/wp-json\/wp\/v2\/tags?post=1350"}],"curies":[{"name":"wp","href":"https:\/\/api.w.org\/{rel}","templated":true}]}}